{"id":1087,"date":"2020-02-17T11:30:44","date_gmt":"2020-02-17T10:30:44","guid":{"rendered":"http:\/\/noyalsurbrutz.fr\/?p=1087"},"modified":"2020-02-17T11:30:44","modified_gmt":"2020-02-17T10:30:44","slug":"inauguration-bercail","status":"publish","type":"post","link":"https:\/\/noyalsurbrutz.fr\/index.php\/2020\/02\/17\/inauguration-bercail\/","title":{"rendered":"Inauguration Bercail"},"content":{"rendered":"<p>Apr\u00e8s 1 an de travaux l&rsquo;heure est aux r\u00e9jouissances. La municipalit\u00e9 a d\u00e9cid\u00e9 de c\u00e9l\u00e9brer l&rsquo;ouverture de son commerce<\/p>\n<p style=\"text-align: center;\"><strong>le Samedi 22 f\u00e9vrier \u00e0 11h<\/strong><\/p>\n<p>Tous les Noyalais et Noyalaises sont convi\u00e9s \u00e0 participer \u00e0 la c\u00e9r\u00e9monie d&rsquo;inauguration.<\/p>\n<p><img loading=\"lazy\" decoding=\"async\" class=\"alignnone wp-image-1088 size-large\" src=\"https:\/\/noyalsurbrutz.fr\/wp-content\/uploads\/2020\/02\/Image2-1024x479.png\" alt=\"\" width=\"880\" height=\"412\" srcset=\"https:\/\/noyalsurbrutz.fr\/wp-content\/uploads\/2020\/02\/Image2-1024x479.png 1024w, https:\/\/noyalsurbrutz.fr\/wp-content\/uploads\/2020\/02\/Image2-300x140.png 300w, https:\/\/noyalsurbrutz.fr\/wp-content\/uploads\/2020\/02\/Image2-768x359.png 768w, https:\/\/noyalsurbrutz.fr\/wp-content\/uploads\/2020\/02\/Image2-748x350.png 748w, https:\/\/noyalsurbrutz.fr\/wp-content\/uploads\/2020\/02\/Image2-150x70.png 150w, https:\/\/noyalsurbrutz.fr\/wp-content\/uploads\/2020\/02\/Image2.png 1178w\" sizes=\"auto, (max-width: 880px) 100vw, 880px\" \/><\/p>\n","protected":false},"excerpt":{"rendered":"<p>Apr\u00e8s 1 an de travaux l&rsquo;heure est aux r\u00e9jouissances. La municipalit\u00e9 a d\u00e9cid\u00e9 de c\u00e9l\u00e9brer l&rsquo;ouverture de son commerce le Samedi 22 f\u00e9vrier \u00e0 11h Tous les Noyalais et Noyalaises sont convi\u00e9s \u00e0 participer \u00e0 la c\u00e9r\u00e9monie d&rsquo;inauguration. <a class=\"continue-reading-link\" href=\"https:\/\/noyalsurbrutz.fr\/index.php\/2020\/02\/17\/inauguration-bercail\/\">Continue reading<\/a><\/p>\n","protected":false},"author":1,"featured_media":0,"comment_status":"open","ping_status":"open","sticky":false,"template":"","format":"standard","meta":{"footnotes":""},"categories":[1],"tags":[],"class_list":["post-1087","post","type-post","status-publish","format-standard","hentry","category-non-classe"],"_links":{"self":[{"href":"https:\/\/noyalsurbrutz.fr\/index.php\/wp-json\/wp\/v2\/posts\/1087","targetHints":{"allow":["GET"]}}],"collection":[{"href":"https:\/\/noyalsurbrutz.fr\/index.php\/wp-json\/wp\/v2\/posts"}],"about":[{"href":"https:\/\/noyalsurbrutz.fr\/index.php\/wp-json\/wp\/v2\/types\/post"}],"author":[{"embeddable":true,"href":"https:\/\/noyalsurbrutz.fr\/index.php\/wp-json\/wp\/v2\/users\/1"}],"replies":[{"embeddable":true,"href":"https:\/\/noyalsurbrutz.fr\/index.php\/wp-json\/wp\/v2\/comments?post=1087"}],"version-history":[{"count":1,"href":"https:\/\/noyalsurbrutz.fr\/index.php\/wp-json\/wp\/v2\/posts\/1087\/revisions"}],"predecessor-version":[{"id":1089,"href":"https:\/\/noyalsurbrutz.fr\/index.php\/wp-json\/wp\/v2\/posts\/1087\/revisions\/1089"}],"wp:attachment":[{"href":"https:\/\/noyalsurbrutz.fr\/index.php\/wp-json\/wp\/v2\/media?parent=1087"}],"wp:term":[{"taxonomy":"category","embeddable":true,"href":"https:\/\/noyalsurbrutz.fr\/index.php\/wp-json\/wp\/v2\/categories?post=1087"},{"taxonomy":"post_tag","embeddable":true,"href":"https:\/\/noyalsurbrutz.fr\/index.php\/wp-json\/wp\/v2\/tags?post=1087"}],"curies":[{"name":"wp","href":"https:\/\/api.w.org\/{rel}","templated":true}]}}