{"id":1100,"date":"2020-05-07T10:03:31","date_gmt":"2020-05-07T08:03:31","guid":{"rendered":"http:\/\/noyalsurbrutz.fr\/?p=1100"},"modified":"2020-05-07T11:34:11","modified_gmt":"2020-05-07T09:34:11","slug":"rentree-scolaire-le-18-mai","status":"publish","type":"post","link":"https:\/\/noyalsurbrutz.fr\/index.php\/2020\/05\/07\/rentree-scolaire-le-18-mai\/","title":{"rendered":"Rentr\u00e9e scolaire le 18 Mai"},"content":{"rendered":"<p>La municipalit\u00e9 et l\u2019\u00e9cole tentent depuis plusieurs semaines de pr\u00e9voir la r\u00e9ouverture de l\u2019\u00e9cole Charles Perrault.<img loading=\"lazy\" decoding=\"async\" class=\"alignleft wp-image-1116 \" src=\"https:\/\/noyalsurbrutz.fr\/wp-content\/uploads\/2020\/05\/Image2225-1024x793.png\" alt=\"\" width=\"445\" height=\"344\" srcset=\"https:\/\/noyalsurbrutz.fr\/wp-content\/uploads\/2020\/05\/Image2225-1024x793.png 1024w, https:\/\/noyalsurbrutz.fr\/wp-content\/uploads\/2020\/05\/Image2225-300x232.png 300w, https:\/\/noyalsurbrutz.fr\/wp-content\/uploads\/2020\/05\/Image2225-768x595.png 768w, https:\/\/noyalsurbrutz.fr\/wp-content\/uploads\/2020\/05\/Image2225-452x350.png 452w, https:\/\/noyalsurbrutz.fr\/wp-content\/uploads\/2020\/05\/Image2225-150x116.png 150w, https:\/\/noyalsurbrutz.fr\/wp-content\/uploads\/2020\/05\/Image2225.png 1073w\" sizes=\"auto, (max-width: 445px) 100vw, 445px\" \/><\/p>\n<p>Tenant compte des locaux et du personnel disponible, nous nous voyons contraints, en concertation avec l\u2019\u00e9quipe enseignante et le personnel municipal, de n\u2019accueillir le 14 mai prochain, que les enfants prioritaires, c\u2019est-\u00e0-dire ceux dont les parents font partie du personnel de sant\u00e9 ou du personnel li\u00e9 \u00e0 l\u2019enseignement. Les enfants seront r\u00e9partis en 2 groupes dans 2 classes diff\u00e9rentes. Un groupe maternelle\/CP et un autre CE-CM.<\/p>\n<p>Les locaux ne permettent pas d\u2019accueillir un nombre trop important d\u2019enfants. Toutes les salles de classe ne pourront \u00eatre utilis\u00e9es, faute de surface. De plus, une classe devra \u00eatre mise \u00e0 disposition pour une \u00e9ventuelle mise en quarantaine.<\/p>\n<p>Un protocole sanitaire vient d\u2019\u00eatre diffus\u00e9 par le gouvernement. Celui-ci sera scrupuleusement suivi par les enseignants, le personnel communal. Il devra l\u2019\u00eatre aussi par les parents d\u2019\u00e9l\u00e8ves.<\/p>\n<p><strong>Les parents d\u2019\u00e9l\u00e8ves jouent un r\u00f4le essentiel dans le retour de leurs enfants dans les \u00e9coles. Ils s\u2019engagent, notamment, \u00e0 ne pas mettre leurs enfants \u00e0 l\u2019\u00e9cole en cas d\u2019apparition de sympt\u00f4mes \u00e9voquant un Covid-19 chez l\u2019\u00e9l\u00e8ve ou dans sa famille. Les parents sont invit\u00e9s \u00e0 prendre la temp\u00e9rature de leur enfant avant le d\u00e9part pour l\u2019\u00e9cole. En cas de sympt\u00f4me ou de fi\u00e8vre (37,8\u00b0C ou plus), l\u2019enfant ne doit pas se rendre \u00e0 l\u2019\u00e9cole.<\/strong><\/p>\n<h3><strong>L\u2019accueil p\u00e9riscolaire sera ouvert, mais pas la restauration scolaire. <\/strong><\/h3>\n<p>Les principales r\u00e8gles \u00e0 appliquer pour cette rentr\u00e9e, sont\u00a0: la distanciation physique des enfants et la mise en place des gestes barri\u00e8res.<\/p>\n<p>Pour ce faire\u00a0:<\/p>\n<ul>\n<li>La temp\u00e9rature de l\u2019enfant sera prise \u00e0 son arriv\u00e9e \u00e0 l\u2019\u00e9cole<\/li>\n<li>Chaque enfant devra se laver les mains, avant d\u2019aller \u00e0 l\u2019\u00e9cole, en arrivant \u00e0 l\u2019\u00e9cole, avant et apr\u00e8s chaque passage aux toilettes, avant et apr\u00e8s chaque r\u00e9cr\u00e9ation, avant et apr\u00e8s le repas et \u00e0 tout autre moment o\u00f9 il n\u2019aurait pas respect\u00e9 les gestes barri\u00e8res.<\/li>\n<li>Afin de respecter la distanciation physique les classes seront vid\u00e9es des meubles non n\u00e9cessaires (\u00e0 raison de 4 m\u00b2\/personne, nous ne pouvons accueillir plus de 10 personnes dans une salle).<\/li>\n<li>Chaque local sera nettoy\u00e9 et d\u00e9sinfect\u00e9 apr\u00e8s utilisation. Certaines zones le seront plusieurs fois par jour (sanitaires, interrupteurs, poign\u00e9es de portes, portes, tables, bancs de la cour\u2026)<\/li>\n<li>Les enseignants et agents municipaux seront munis de masques<\/li>\n<li>Les enfants de primaires pourront porter un masque si les parents le souhaitent. Ils devront le fournir d\u00e8s qu\u2019il sera possible d\u2019en acheter. En attendant, l\u2019Education Nationale en fournira. Le port du masque est proscrit pour les maternelles.<\/li>\n<li><strong>Les parents d\u2019\u00e9l\u00e8ves ne pourront pas entrer dans les classes. Ils devront respecter la distanciation physique en attendant l\u2019ouverture du portail. Les enfants seront accueillis 1 par 1 et men\u00e9s \u00e0 leur classe suivant un parcours balis\u00e9.<\/strong><\/li>\n<li>Durant la pause m\u00e9ridienne, les enfants d\u00e9jeuneront dans la classe maternelle (il pourra y avoir 2 services selon le nombre d\u2019enfants), afin d\u2019\u00e9viter les d\u00e9placements, et se rendront en r\u00e9cr\u00e9ation une classe apr\u00e8s l\u2019autre<\/li>\n<li><strong>Chaque enfant devra apporter son repas pour le midi\u00a0: un repas froid, conserv\u00e9 dans un sac isotherme ferm\u00e9 et marqu\u00e9 \u00e0 son nom (un par enfant), et un gobelet en plastique.<\/strong><\/li>\n<li>Les ballons, v\u00e9lo et autres jeux ext\u00e9rieurs seront interdits dans la cour de l\u2019\u00e9cole (le train et le panier de basket seront retir\u00e9s)<\/li>\n<li>Les jeux de manipulation dans les salles de classe ne seront pas utilis\u00e9s, les enfants n\u2019auront pas acc\u00e8s aux \u00e9tag\u00e8res et armoires communes qui seront enlev\u00e9es ou couvertes de tissus. Ils disposeront chacun d\u2019une table \u00e0 leur nom avec du mat\u00e9riel qu\u2019ils n\u2019\u00e9changeront pas avec leurs camarades.<\/li>\n<\/ul>\n<p>Les 4 agents municipaux seront mobilis\u00e9s pour la surveillance des repas ou dans la cour de r\u00e9cr\u00e9ation pour les jours de beau temps.<\/p>\n<p>La municipalit\u00e9, les enseignants et les agents communaux mettront tout en \u0153uvre pour accueillir les enfants dans de bonnes conditions. Malheureusement, m\u00eame avec tous les moyens mobilis\u00e9s, nous ne pouvons garantir la s\u00e9curit\u00e9 absolue face \u00e0 ce virus.<\/p>\n<p><strong>La r\u00e9ouverture des classes est conditionn\u00e9e par la r\u00e9ception de la commande de masques et de toutes les fournitures n\u00e9cessaires \u00e0 la d\u00e9sinfection des locaux. Sans ces fournitures, l\u2019\u00e9cole ne pourra ouvrir. La rentr\u00e9e sera report\u00e9e.<\/strong><\/p>\n<p>Pour toutes questions,\u00a0 un mail \u00e0 la mairie\u00a0: <a href=\"mailto:mairie@noyalsurbrutz.fr\">mairie@noyalsurbrutz.fr<\/a><\/p>\n<p>Le protocole d\u00e9cid\u00e9 par le gouvernement est disponible en cliquant sur le lien suivant :<\/p>\n<p><a href=\"https:\/\/www.education.gouv.fr\/coronavirus-covid-19-reouverture-des-ecoles-colleges-et-lycees-303546\">https:\/\/www.education.gouv.fr\/coronavirus-covid-19-reouverture-des-ecoles-colleges-et-lycees-303546<\/a><\/p>\n<h3><span style=\"color: #99cc00;\">Pour les enfants qui n&rsquo;ont pas la possibilit\u00e9 de revenir \u00e0 l&rsquo;\u00e9cole, l&rsquo;\u00e9quipe enseignantes se mobilise pour maintenir les cours \u00e0 distance, le planning des enseignants est consultable dans le compte rendu du dernier conseil d&rsquo;\u00e9cole.<br \/>\n<\/span><\/h3>\n<p><span style=\"color: #ff0000;\">Les parents des enfants concern\u00e9s par la rentr\u00e9e du 18 mai doivent r\u00e9pondre \u00e0 l&rsquo;enqu\u00eate sur l&rsquo;utilisation des services APS et de la pr\u00e9sence de leur enfant le midi.<\/span><\/p>\n<p>Formulaire d&rsquo;enqu\u00eate disponible en cliquant sur le lien ci dessous :<\/p>\n<p><a href=\"https:\/\/noyalsurbrutz.fr\/wp-content\/uploads\/2020\/05\/Enqu\u00eate-APS-Cantine.pdf\">Enqu\u00eate APS Cantine<\/a><\/p>\n<p><img loading=\"lazy\" decoding=\"async\" class=\" wp-image-320 alignright\" src=\"https:\/\/noyalsurbrutz.fr\/wp-content\/uploads\/2017\/08\/nounou-enfants-300x136.jpg\" alt=\"\" width=\"446\" height=\"202\" srcset=\"https:\/\/noyalsurbrutz.fr\/wp-content\/uploads\/2017\/08\/nounou-enfants-300x136.jpg 300w, https:\/\/noyalsurbrutz.fr\/wp-content\/uploads\/2017\/08\/nounou-enfants-150x68.jpg 150w, https:\/\/noyalsurbrutz.fr\/wp-content\/uploads\/2017\/08\/nounou-enfants.jpg 550w\" sizes=\"auto, (max-width: 446px) 100vw, 446px\" \/><\/p>\n<p>Compte rendu du dernier conseil d&rsquo;\u00e9cole en cliquant sur le lien ci dessous<\/p>\n<p><a href=\"https:\/\/noyalsurbrutz.fr\/wp-content\/uploads\/2020\/05\/CR-conseil-\u00e9cole-parents-Lecture-seule.pdf\">CR conseil \u00e9cole parents <\/a><\/p>\n<p>La mairie se tient \u00e0 votre disposition pour tout compl\u00e9ment d&rsquo;information<\/p>\n<p>&nbsp;<\/p>\n<p>&nbsp;<\/p>\n","protected":false},"excerpt":{"rendered":"<p>La municipalit\u00e9 et l\u2019\u00e9cole tentent depuis plusieurs semaines de pr\u00e9voir la r\u00e9ouverture de l\u2019\u00e9cole Charles Perrault. Tenant compte des locaux et du personnel disponible, nous nous voyons contraints, en concertation avec l\u2019\u00e9quipe enseignante et le personnel municipal, de n\u2019accueillir le 14 mai prochain, que les enfants prioritaires, c\u2019est-\u00e0-dire ceux dont\u2026 <a class=\"continue-reading-link\" href=\"https:\/\/noyalsurbrutz.fr\/index.php\/2020\/05\/07\/rentree-scolaire-le-18-mai\/\">Continue reading<\/a><\/p>\n","protected":false},"author":1,"featured_media":0,"comment_status":"open","ping_status":"open","sticky":false,"template":"","format":"standard","meta":{"footnotes":""},"categories":[1],"tags":[],"class_list":["post-1100","post","type-post","status-publish","format-standard","hentry","category-non-classe"],"_links":{"self":[{"href":"https:\/\/noyalsurbrutz.fr\/index.php\/wp-json\/wp\/v2\/posts\/1100","targetHints":{"allow":["GET"]}}],"collection":[{"href":"https:\/\/noyalsurbrutz.fr\/index.php\/wp-json\/wp\/v2\/posts"}],"about":[{"href":"https:\/\/noyalsurbrutz.fr\/index.php\/wp-json\/wp\/v2\/types\/post"}],"author":[{"embeddable":true,"href":"https:\/\/noyalsurbrutz.fr\/index.php\/wp-json\/wp\/v2\/users\/1"}],"replies":[{"embeddable":true,"href":"https:\/\/noyalsurbrutz.fr\/index.php\/wp-json\/wp\/v2\/comments?post=1100"}],"version-history":[{"count":13,"href":"https:\/\/noyalsurbrutz.fr\/index.php\/wp-json\/wp\/v2\/posts\/1100\/revisions"}],"predecessor-version":[{"id":1119,"href":"https:\/\/noyalsurbrutz.fr\/index.php\/wp-json\/wp\/v2\/posts\/1100\/revisions\/1119"}],"wp:attachment":[{"href":"https:\/\/noyalsurbrutz.fr\/index.php\/wp-json\/wp\/v2\/media?parent=1100"}],"wp:term":[{"taxonomy":"category","embeddable":true,"href":"https:\/\/noyalsurbrutz.fr\/index.php\/wp-json\/wp\/v2\/categories?post=1100"},{"taxonomy":"post_tag","embeddable":true,"href":"https:\/\/noyalsurbrutz.fr\/index.php\/wp-json\/wp\/v2\/tags?post=1100"}],"curies":[{"name":"wp","href":"https:\/\/api.w.org\/{rel}","templated":true}]}}