{"id":1141,"date":"2020-06-11T09:28:07","date_gmt":"2020-06-11T07:28:07","guid":{"rendered":"http:\/\/noyalsurbrutz.fr\/?p=1141"},"modified":"2020-06-11T09:34:15","modified_gmt":"2020-06-11T07:34:15","slug":"distribution-de-masques-reutilisables","status":"publish","type":"post","link":"https:\/\/noyalsurbrutz.fr\/index.php\/2020\/06\/11\/distribution-de-masques-reutilisables\/","title":{"rendered":"DISTRIBUTION DE MASQUES REUTILISABLES"},"content":{"rendered":"<p><img loading=\"lazy\" decoding=\"async\" class=\"alignleft wp-image-1142 \" src=\"https:\/\/noyalsurbrutz.fr\/wp-content\/uploads\/2020\/06\/IMG_20631-1024x768.jpg\" alt=\"\" width=\"305\" height=\"407\" \/>La municipalit\u00e9 a command\u00e9, via le D\u00e9partement de Loire Atlantique, des masques lavables et r\u00e9utilisables \u00e0 destination de chaque habitants de la commune.<\/p>\n<p>La distribution se d\u00e9roulera<\/p>\n<h4><span style=\"color: #008000;\"><strong>Samedi 13 Juin de 9h \u00e0 13h \u00e0 la mairie.<\/strong><\/span><\/h4>\n<p>&nbsp;<\/p>\n<p>Chaque habitant doit se munir :<\/p>\n<ul>\n<li>d&rsquo;un justificatif de domicile<\/li>\n<li>d&rsquo;une pi\u00e8ce d&rsquo;identit\u00e9<\/li>\n<li>du livret de famille<\/li>\n<\/ul>\n<p>Pour les personnes fragiles et isol\u00e9es, n&rsquo;ayant pas la possibilit\u00e9 de se d\u00e9placer, les masques seront directement apport\u00e9s au domicile. Se faire conna\u00eetre aupr\u00e8s de la mairie.<img loading=\"lazy\" decoding=\"async\" class=\"size-medium wp-image-1147 alignright\" src=\"https:\/\/noyalsurbrutz.fr\/wp-content\/uploads\/2020\/06\/unnamed-284x300.png\" alt=\"\" width=\"284\" height=\"300\" srcset=\"https:\/\/noyalsurbrutz.fr\/wp-content\/uploads\/2020\/06\/unnamed-284x300.png 284w, https:\/\/noyalsurbrutz.fr\/wp-content\/uploads\/2020\/06\/unnamed-142x150.png 142w, https:\/\/noyalsurbrutz.fr\/wp-content\/uploads\/2020\/06\/unnamed.png 296w\" sizes=\"auto, (max-width: 284px) 100vw, 284px\" \/><\/p>\n","protected":false},"excerpt":{"rendered":"<p>La municipalit\u00e9 a command\u00e9, via le D\u00e9partement de Loire Atlantique, des masques lavables et r\u00e9utilisables \u00e0 destination de chaque habitants de la commune. La distribution se d\u00e9roulera Samedi 13 Juin de 9h \u00e0 13h \u00e0 la mairie. &nbsp; Chaque habitant doit se munir : d&rsquo;un justificatif de domicile d&rsquo;une pi\u00e8ce\u2026 <a class=\"continue-reading-link\" href=\"https:\/\/noyalsurbrutz.fr\/index.php\/2020\/06\/11\/distribution-de-masques-reutilisables\/\">Continue reading<\/a><\/p>\n","protected":false},"author":1,"featured_media":0,"comment_status":"open","ping_status":"open","sticky":false,"template":"","format":"standard","meta":{"footnotes":""},"categories":[1],"tags":[],"class_list":["post-1141","post","type-post","status-publish","format-standard","hentry","category-non-classe"],"_links":{"self":[{"href":"https:\/\/noyalsurbrutz.fr\/index.php\/wp-json\/wp\/v2\/posts\/1141","targetHints":{"allow":["GET"]}}],"collection":[{"href":"https:\/\/noyalsurbrutz.fr\/index.php\/wp-json\/wp\/v2\/posts"}],"about":[{"href":"https:\/\/noyalsurbrutz.fr\/index.php\/wp-json\/wp\/v2\/types\/post"}],"author":[{"embeddable":true,"href":"https:\/\/noyalsurbrutz.fr\/index.php\/wp-json\/wp\/v2\/users\/1"}],"replies":[{"embeddable":true,"href":"https:\/\/noyalsurbrutz.fr\/index.php\/wp-json\/wp\/v2\/comments?post=1141"}],"version-history":[{"count":10,"href":"https:\/\/noyalsurbrutz.fr\/index.php\/wp-json\/wp\/v2\/posts\/1141\/revisions"}],"predecessor-version":[{"id":1153,"href":"https:\/\/noyalsurbrutz.fr\/index.php\/wp-json\/wp\/v2\/posts\/1141\/revisions\/1153"}],"wp:attachment":[{"href":"https:\/\/noyalsurbrutz.fr\/index.php\/wp-json\/wp\/v2\/media?parent=1141"}],"wp:term":[{"taxonomy":"category","embeddable":true,"href":"https:\/\/noyalsurbrutz.fr\/index.php\/wp-json\/wp\/v2\/categories?post=1141"},{"taxonomy":"post_tag","embeddable":true,"href":"https:\/\/noyalsurbrutz.fr\/index.php\/wp-json\/wp\/v2\/tags?post=1141"}],"curies":[{"name":"wp","href":"https:\/\/api.w.org\/{rel}","templated":true}]}}