{"id":519,"date":"2017-10-12T15:55:09","date_gmt":"2017-10-12T13:55:09","guid":{"rendered":"http:\/\/noyalsurbrutz.fr\/?p=519"},"modified":"2017-10-12T15:56:50","modified_gmt":"2017-10-12T13:56:50","slug":"travaux-rue-des-peupliers","status":"publish","type":"post","link":"https:\/\/noyalsurbrutz.fr\/index.php\/2017\/10\/12\/travaux-rue-des-peupliers\/","title":{"rendered":"TRAVAUX RUE DES PEUPLIERS"},"content":{"rendered":"<p><img loading=\"lazy\" decoding=\"async\" class=\"wp-image-522 alignleft\" src=\"https:\/\/noyalsurbrutz.fr\/wp-content\/uploads\/2017\/10\/travaux_infos_1-300x200.jpg\" alt=\"\" width=\"230\" height=\"153\" srcset=\"https:\/\/noyalsurbrutz.fr\/wp-content\/uploads\/2017\/10\/travaux_infos_1-300x200.jpg 300w, https:\/\/noyalsurbrutz.fr\/wp-content\/uploads\/2017\/10\/travaux_infos_1-525x350.jpg 525w, https:\/\/noyalsurbrutz.fr\/wp-content\/uploads\/2017\/10\/travaux_infos_1-150x100.jpg 150w, https:\/\/noyalsurbrutz.fr\/wp-content\/uploads\/2017\/10\/travaux_infos_1.jpg 660w\" sizes=\"auto, (max-width: 230px) 100vw, 230px\" \/>La Rue des Peupliers sera interdite \u00e0 la circulation du <strong>16 octobre au 16 d\u00e9cembre<\/strong>, durant les travaux de r\u00e9fection. Le plan d&rsquo;am\u00e9nagement est consultable en mairie.<img loading=\"lazy\" decoding=\"async\" class=\"alignright wp-image-520 size-full\" src=\"https:\/\/noyalsurbrutz.fr\/wp-content\/uploads\/2017\/10\/rue-des-peuplers.png\" alt=\"\" width=\"632\" height=\"328\" srcset=\"https:\/\/noyalsurbrutz.fr\/wp-content\/uploads\/2017\/10\/rue-des-peuplers.png 632w, https:\/\/noyalsurbrutz.fr\/wp-content\/uploads\/2017\/10\/rue-des-peuplers-300x156.png 300w, https:\/\/noyalsurbrutz.fr\/wp-content\/uploads\/2017\/10\/rue-des-peuplers-150x78.png 150w\" sizes=\"auto, (max-width: 632px) 100vw, 632px\" \/><\/p>\n<p>Une d\u00e9viation sera mise en place.<\/p>\n","protected":false},"excerpt":{"rendered":"<p>La Rue des Peupliers sera interdite \u00e0 la circulation du 16 octobre au 16 d\u00e9cembre, durant les travaux de r\u00e9fection. Le plan d&rsquo;am\u00e9nagement est consultable en mairie. Une d\u00e9viation sera mise en place. <a class=\"continue-reading-link\" href=\"https:\/\/noyalsurbrutz.fr\/index.php\/2017\/10\/12\/travaux-rue-des-peupliers\/\">Continue reading<\/a><\/p>\n","protected":false},"author":1,"featured_media":0,"comment_status":"open","ping_status":"open","sticky":false,"template":"","format":"standard","meta":{"footnotes":""},"categories":[1],"tags":[],"class_list":["post-519","post","type-post","status-publish","format-standard","hentry","category-non-classe"],"_links":{"self":[{"href":"https:\/\/noyalsurbrutz.fr\/index.php\/wp-json\/wp\/v2\/posts\/519","targetHints":{"allow":["GET"]}}],"collection":[{"href":"https:\/\/noyalsurbrutz.fr\/index.php\/wp-json\/wp\/v2\/posts"}],"about":[{"href":"https:\/\/noyalsurbrutz.fr\/index.php\/wp-json\/wp\/v2\/types\/post"}],"author":[{"embeddable":true,"href":"https:\/\/noyalsurbrutz.fr\/index.php\/wp-json\/wp\/v2\/users\/1"}],"replies":[{"embeddable":true,"href":"https:\/\/noyalsurbrutz.fr\/index.php\/wp-json\/wp\/v2\/comments?post=519"}],"version-history":[{"count":3,"href":"https:\/\/noyalsurbrutz.fr\/index.php\/wp-json\/wp\/v2\/posts\/519\/revisions"}],"predecessor-version":[{"id":524,"href":"https:\/\/noyalsurbrutz.fr\/index.php\/wp-json\/wp\/v2\/posts\/519\/revisions\/524"}],"wp:attachment":[{"href":"https:\/\/noyalsurbrutz.fr\/index.php\/wp-json\/wp\/v2\/media?parent=519"}],"wp:term":[{"taxonomy":"category","embeddable":true,"href":"https:\/\/noyalsurbrutz.fr\/index.php\/wp-json\/wp\/v2\/categories?post=519"},{"taxonomy":"post_tag","embeddable":true,"href":"https:\/\/noyalsurbrutz.fr\/index.php\/wp-json\/wp\/v2\/tags?post=519"}],"curies":[{"name":"wp","href":"https:\/\/api.w.org\/{rel}","templated":true}]}}