{"id":713,"date":"2017-11-27T09:05:05","date_gmt":"2017-11-27T08:05:05","guid":{"rendered":"http:\/\/noyalsurbrutz.fr\/?p=713"},"modified":"2017-11-28T11:29:22","modified_gmt":"2017-11-28T10:29:22","slug":"circuit-des-creches","status":"publish","type":"post","link":"https:\/\/noyalsurbrutz.fr\/index.php\/2017\/11\/27\/circuit-des-creches\/","title":{"rendered":"Circuit des Cr\u00e8ches"},"content":{"rendered":"<p>Depuis quelques ann\u00e9es, le syndicat d&rsquo;Initiative de Martign\u00e9, en partenariat avec le Syndicat d&rsquo;Initiative de Saint Aignan sur Ro\u00eb-Renaz\u00e9, organisateur du \u00ab Circuit des cr\u00e8ches de No\u00ebl \u00bb depuis 2003, Coss\u00e9-le-Vivien et Craon, propose de d\u00e9couvrir ou red\u00e9couvrir les cr\u00e8ches publiques ou priv\u00e9es du secteur mais aussi celles du sud Mayenne.<\/p>\n<p>Apr\u00e8s une r\u00e9organisation territoriale, le Syndicat d\u2019Initiative de Saint-Aignan\/Renaz\u00e9 a souhait\u00e9 mettre fin \u00e0 cette collaboration. En effet, c\u2019est d\u00e9sormais l\u2019Office du Tourisme de Craon qui organise le circuit exclusivement mayennais.<\/p>\n<p><img loading=\"lazy\" decoding=\"async\" class=\"alignleft wp-image-720\" src=\"https:\/\/noyalsurbrutz.fr\/wp-content\/uploads\/2017\/11\/Image1-213x300.png\" alt=\"\" width=\"480\" height=\"675\" srcset=\"https:\/\/noyalsurbrutz.fr\/wp-content\/uploads\/2017\/11\/Image1-213x300.png 213w, https:\/\/noyalsurbrutz.fr\/wp-content\/uploads\/2017\/11\/Image1-768x1080.png 768w, https:\/\/noyalsurbrutz.fr\/wp-content\/uploads\/2017\/11\/Image1-728x1024.png 728w, https:\/\/noyalsurbrutz.fr\/wp-content\/uploads\/2017\/11\/Image1-249x350.png 249w, https:\/\/noyalsurbrutz.fr\/wp-content\/uploads\/2017\/11\/Image1-107x150.png 107w, https:\/\/noyalsurbrutz.fr\/wp-content\/uploads\/2017\/11\/Image1.png 1833w\" sizes=\"auto, (max-width: 480px) 100vw, 480px\" \/>Le Syndicat d\u2019Initiative de Martign\u00e9 a pens\u00e9 que cette animation hivernale dans nos communes devait pouvoir reprendre d\u00e8s cette fin d\u2019ann\u00e9e 2017 sur les secteurs de Martign\u00e9, La Guerche, Retiers et quelques communes voisines de Loire-Atlantique dont Noyal sur Brutz.<\/p>\n<p>C\u2019est une initiative de nature touristique qui poursuit quatre objectifs\u00a0:<\/p>\n<p>-promouvoir le tourisme de proximit\u00e9<\/p>\n<p>-assurer l\u2019animation hivernale<\/p>\n<p>-perp\u00e9tuer la tradition populaire de r\u00e9alisation de cr\u00e8ches avec go\u00fbt et cr\u00e9ativit\u00e9<\/p>\n<p>-permettre la d\u00e9couverte simultan\u00e9e du patrimoine religieux.<\/p>\n<p>La commune de Noyal sur Brutz, c\u2019est donc engag\u00e9e \u00e0\u00a0:<\/p>\n<p>-ouvrir l\u2019\u00e9glise tous les jours pendant les vacances de No\u00ebl, soit du samedi 23 d\u00e9cembre 2017 au dimanche 7 janvier 2018, de 10 h \u00e0 17 h (en accord avec la mairie et la paroisse)<\/p>\n<p>-mettre \u00e0 disposition du public un livre d\u2019or<\/p>\n<p>-poser une affichette d\u2019information \u00e0 la porte d\u2019entr\u00e9e choisie<\/p>\n<p>-pr\u00e9voir un \u00e9clairage ad\u00e9quat.<\/p>\n<p>L\u2019\u00e9glise Saint Martin a fait l\u2019objet de travaux de r\u00e9paration durant cette ann\u00e9e 2017, et c\u2019est un bon moyen de faire vivre l\u2019\u00e9difice.<\/p>\n<p>De plus, pour attirer plus de visiteurs, notamment les plus jeunes, une boite aux lettres destin\u00e9es \u00e0 recevoir les courriers des enfants au P\u00e8re No\u00ebl a \u00e9t\u00e9 install\u00e9e devant l\u2019entr\u00e9e de l\u2019\u00e9glise.<\/p>\n<p>Enfin, pour que les Noyalais(es) puissent profiter de l\u2019\u00e9difice, l\u2019\u00e9glise sera d\u00e9sormais ouverte les lundis, mardis, jeudis et vendredis tout au long de l\u2019ann\u00e9e.<\/p>\n","protected":false},"excerpt":{"rendered":"<p>Depuis quelques ann\u00e9es, le syndicat d&rsquo;Initiative de Martign\u00e9, en partenariat avec le Syndicat d&rsquo;Initiative de Saint Aignan sur Ro\u00eb-Renaz\u00e9, organisateur du \u00ab Circuit des cr\u00e8ches de No\u00ebl \u00bb depuis 2003, Coss\u00e9-le-Vivien et Craon, propose de d\u00e9couvrir ou red\u00e9couvrir les cr\u00e8ches publiques ou priv\u00e9es du secteur mais aussi celles du sud\u2026 <a class=\"continue-reading-link\" href=\"https:\/\/noyalsurbrutz.fr\/index.php\/2017\/11\/27\/circuit-des-creches\/\">Continue reading<\/a><\/p>\n","protected":false},"author":1,"featured_media":0,"comment_status":"open","ping_status":"open","sticky":false,"template":"","format":"standard","meta":{"footnotes":""},"categories":[1],"tags":[],"class_list":["post-713","post","type-post","status-publish","format-standard","hentry","category-non-classe"],"_links":{"self":[{"href":"https:\/\/noyalsurbrutz.fr\/index.php\/wp-json\/wp\/v2\/posts\/713","targetHints":{"allow":["GET"]}}],"collection":[{"href":"https:\/\/noyalsurbrutz.fr\/index.php\/wp-json\/wp\/v2\/posts"}],"about":[{"href":"https:\/\/noyalsurbrutz.fr\/index.php\/wp-json\/wp\/v2\/types\/post"}],"author":[{"embeddable":true,"href":"https:\/\/noyalsurbrutz.fr\/index.php\/wp-json\/wp\/v2\/users\/1"}],"replies":[{"embeddable":true,"href":"https:\/\/noyalsurbrutz.fr\/index.php\/wp-json\/wp\/v2\/comments?post=713"}],"version-history":[{"count":6,"href":"https:\/\/noyalsurbrutz.fr\/index.php\/wp-json\/wp\/v2\/posts\/713\/revisions"}],"predecessor-version":[{"id":721,"href":"https:\/\/noyalsurbrutz.fr\/index.php\/wp-json\/wp\/v2\/posts\/713\/revisions\/721"}],"wp:attachment":[{"href":"https:\/\/noyalsurbrutz.fr\/index.php\/wp-json\/wp\/v2\/media?parent=713"}],"wp:term":[{"taxonomy":"category","embeddable":true,"href":"https:\/\/noyalsurbrutz.fr\/index.php\/wp-json\/wp\/v2\/categories?post=713"},{"taxonomy":"post_tag","embeddable":true,"href":"https:\/\/noyalsurbrutz.fr\/index.php\/wp-json\/wp\/v2\/tags?post=713"}],"curies":[{"name":"wp","href":"https:\/\/api.w.org\/{rel}","templated":true}]}}