{"id":858,"date":"2018-05-15T12:29:58","date_gmt":"2018-05-15T10:29:58","guid":{"rendered":"http:\/\/noyalsurbrutz.fr\/?p=858"},"modified":"2018-05-15T12:29:58","modified_gmt":"2018-05-15T10:29:58","slug":"ceremonie-du-8-mai","status":"publish","type":"post","link":"https:\/\/noyalsurbrutz.fr\/index.php\/2018\/05\/15\/ceremonie-du-8-mai\/","title":{"rendered":"C\u00e9r\u00e9monie du 8 Mai"},"content":{"rendered":"<p>Le 8 Mai 1945, l&rsquo;Allemagne hitl\u00e9rienne capitulait sans conditions.<br \/>\nLa \u00ab\u00a0Libert\u00e9\u00a0\u00bbtriomphait de la barbarie, mettant fin \u00e0 toutes les exactions commises par ceux qui r\u00eavaient d&rsquo;imposer \u00e0 l&rsquo;Europe une id\u00e9ologie totalitaire.Aujour anniversaire de cette victoire, souvenons-nous et rendons hommage \u00e0 nos morts, \u00e0 tous ces soldats de la M\u00e9tropole,d&rsquo;Outre-mer, des Forces Alli\u00e9s, dont le sacrifice sur les diff\u00e9rents th\u00e9\u00e2tres d&rsquo;op\u00e9rations a permis cette victoire qui r\u00e9tablissait la \u00ab\u00a0Paix\u00a0\u00bb et rendait \u00e0 la France son ind\u00e9pendance.<br \/>\nHonorons la m\u00e9moire de toutes celles et tous ceux qui ont \u00e9t\u00e9 victimes de l&rsquo;atroce r\u00e9alit\u00e9 des \u00e9v\u00e9nements de la Seconde Guerre mondiale : les emprisonn\u00e9s, tortur\u00e9s et aba<img loading=\"lazy\" decoding=\"async\" class=\"alignright wp-image-859 size-large\" src=\"https:\/\/noyalsurbrutz.fr\/wp-content\/uploads\/2018\/05\/20180506_110515-1024x768.jpg\" alt=\"\" width=\"880\" height=\"660\" srcset=\"https:\/\/noyalsurbrutz.fr\/wp-content\/uploads\/2018\/05\/20180506_110515-1024x768.jpg 1024w, https:\/\/noyalsurbrutz.fr\/wp-content\/uploads\/2018\/05\/20180506_110515-300x225.jpg 300w, https:\/\/noyalsurbrutz.fr\/wp-content\/uploads\/2018\/05\/20180506_110515-768x576.jpg 768w, https:\/\/noyalsurbrutz.fr\/wp-content\/uploads\/2018\/05\/20180506_110515-467x350.jpg 467w, https:\/\/noyalsurbrutz.fr\/wp-content\/uploads\/2018\/05\/20180506_110515-150x113.jpg 150w\" sizes=\"auto, (max-width: 880px) 100vw, 880px\" \/>ttus, les victimes civiles,les combattants de toutes armes, les r\u00e9sistants, d\u00e9port\u00e9s, fusill\u00e9s, massacr\u00e9s, prisonniers,pour leur courage, leur esprit de sacrifice et leur sens du devoir.<br \/>\nAssocions \u00e9galement \u00e0 ce jour anniversaire,la m\u00e9moire de Jean MOULIN, premier Pr\u00e9sident du Conseil National de la R\u00e9sistance constitu\u00e9 \u00e0 l&rsquo;initiative du G\u00e9n\u00e9ral De GAULLE.<br \/>\nParvenu \u00e0 unifier tous les mouvements de la R\u00e9sistance fran\u00e7aise, Jean MOULIN en pr\u00e9sidait la premi\u00e8re r\u00e9union, \u00e0 Paris, le 27 mai 1943.<br \/>\nArr\u00eat\u00e9 le 21 juin \u00e0 Caluire-et-Cuire dans la banlieue de Lyon, tortur\u00e9, il mourut le 8 juillet lors de son transfert vers l&rsquo;Allemagne.<br \/>\nLe g\u00e9n\u00e9ral DE GAULLE lui rendra hommage en ces termes :\u00a0\u00bbPur et bon compagnon de ceux qui n&rsquo;avaient foi qu&rsquo;en la France, il a sumourir h\u00e9ro\u00efquement pour Elle\u00a0\u00bb.<br \/>\nEn cette journ\u00e9e o\u00f9 les Fran\u00e7aises et les Fran\u00e7ais se souviennent et ont conscience que la Paix et les valeurs humanistes qui sont les leurs sont particuli\u00e8rement fragiles, ils regrettent que les esp\u00e9rances n\u00e9es de cette victoire historique du 8 Mai 1945 soient bafou\u00e9es, le monde connaissant encore aujourd&rsquo;hui, des situations de guerre, de violence et de haine.<\/p>\n","protected":false},"excerpt":{"rendered":"<p>Le 8 Mai 1945, l&rsquo;Allemagne hitl\u00e9rienne capitulait sans conditions. La \u00ab\u00a0Libert\u00e9\u00a0\u00bbtriomphait de la barbarie, mettant fin \u00e0 toutes les exactions commises par ceux qui r\u00eavaient d&rsquo;imposer \u00e0 l&rsquo;Europe une id\u00e9ologie totalitaire.Aujour anniversaire de cette victoire, souvenons-nous et rendons hommage \u00e0 nos morts, \u00e0 tous ces soldats de la M\u00e9tropole,d&rsquo;Outre-mer, des\u2026 <a class=\"continue-reading-link\" href=\"https:\/\/noyalsurbrutz.fr\/index.php\/2018\/05\/15\/ceremonie-du-8-mai\/\">Continue reading<\/a><\/p>\n","protected":false},"author":1,"featured_media":0,"comment_status":"open","ping_status":"open","sticky":false,"template":"","format":"standard","meta":{"footnotes":""},"categories":[1],"tags":[],"class_list":["post-858","post","type-post","status-publish","format-standard","hentry","category-non-classe"],"_links":{"self":[{"href":"https:\/\/noyalsurbrutz.fr\/index.php\/wp-json\/wp\/v2\/posts\/858","targetHints":{"allow":["GET"]}}],"collection":[{"href":"https:\/\/noyalsurbrutz.fr\/index.php\/wp-json\/wp\/v2\/posts"}],"about":[{"href":"https:\/\/noyalsurbrutz.fr\/index.php\/wp-json\/wp\/v2\/types\/post"}],"author":[{"embeddable":true,"href":"https:\/\/noyalsurbrutz.fr\/index.php\/wp-json\/wp\/v2\/users\/1"}],"replies":[{"embeddable":true,"href":"https:\/\/noyalsurbrutz.fr\/index.php\/wp-json\/wp\/v2\/comments?post=858"}],"version-history":[{"count":1,"href":"https:\/\/noyalsurbrutz.fr\/index.php\/wp-json\/wp\/v2\/posts\/858\/revisions"}],"predecessor-version":[{"id":860,"href":"https:\/\/noyalsurbrutz.fr\/index.php\/wp-json\/wp\/v2\/posts\/858\/revisions\/860"}],"wp:attachment":[{"href":"https:\/\/noyalsurbrutz.fr\/index.php\/wp-json\/wp\/v2\/media?parent=858"}],"wp:term":[{"taxonomy":"category","embeddable":true,"href":"https:\/\/noyalsurbrutz.fr\/index.php\/wp-json\/wp\/v2\/categories?post=858"},{"taxonomy":"post_tag","embeddable":true,"href":"https:\/\/noyalsurbrutz.fr\/index.php\/wp-json\/wp\/v2\/tags?post=858"}],"curies":[{"name":"wp","href":"https:\/\/api.w.org\/{rel}","templated":true}]}}