{"id":873,"date":"2018-05-24T08:51:45","date_gmt":"2018-05-24T06:51:45","guid":{"rendered":"http:\/\/noyalsurbrutz.fr\/?p=873"},"modified":"2018-05-24T09:06:12","modified_gmt":"2018-05-24T07:06:12","slug":"dossier-dinscription-cantine-et-garderie-periscolaire","status":"publish","type":"post","link":"https:\/\/noyalsurbrutz.fr\/index.php\/2018\/05\/24\/dossier-dinscription-cantine-et-garderie-periscolaire\/","title":{"rendered":"DOSSIER D&rsquo;INSCRIPTION CANTINE ET ACCUEIL P\u00c9RISCOLAIRE"},"content":{"rendered":"<p><img loading=\"lazy\" decoding=\"async\" class=\"size-medium wp-image-877 alignleft\" src=\"https:\/\/noyalsurbrutz.fr\/wp-content\/uploads\/2018\/05\/rentr\u00e9e-scolaire-300x188.jpg\" alt=\"\" width=\"300\" height=\"188\" srcset=\"https:\/\/noyalsurbrutz.fr\/wp-content\/uploads\/2018\/05\/rentr\u00e9e-scolaire-300x188.jpg 300w, https:\/\/noyalsurbrutz.fr\/wp-content\/uploads\/2018\/05\/rentr\u00e9e-scolaire-560x350.jpg 560w, https:\/\/noyalsurbrutz.fr\/wp-content\/uploads\/2018\/05\/rentr\u00e9e-scolaire-150x94.jpg 150w, https:\/\/noyalsurbrutz.fr\/wp-content\/uploads\/2018\/05\/rentr\u00e9e-scolaire.jpg 600w\" sizes=\"auto, (max-width: 300px) 100vw, 300px\" \/>L&rsquo;\u00e9cole n&rsquo;est pas termin\u00e9e mais il est d\u00e9j\u00e0 temps de s&rsquo;int\u00e9resser \u00e0 la prochaine rentr\u00e9e scolaire.<\/p>\n<p>Les dossiers d&rsquo;inscription \u00e0 la cantine et \u00e0 l&rsquo;accueil p\u00e9riscolaire sont \u00e0 d\u00e9poser en mairie <span style=\"color: #ff0000;\"><strong>avant le 30 ao\u00fbt 2018<\/strong><\/span>.<\/p>\n<p><span style=\"color: #0000ff;\"><strong>Sans cette d\u00e9marche il sera impossible pour le (les) enfant(s) de b\u00e9n\u00e9ficier des services de cantine et d&rsquo;accueil.<\/strong><\/span><\/p>\n<p>La nouveaut\u00e9 de la rentr\u00e9e : repassage \u00e0 la semaine de 4 jours avec la suppression des Temps d&rsquo;Activit\u00e9 P\u00e9riscolaire.<\/p>\n<p>Pour des raisons sanitaires (allergies alimentaires&#8230;) et de s\u00e9curit\u00e9 (coordonn\u00e9es des personnes \u00e0 pr\u00e9venir en cas de probl\u00e8me&#8230;) il est indispensable pour la mairie de disposer de toutes les informations concernant les enfants pr\u00e9sents \u00e0 la cantine et \u00e0 l&rsquo;accueil.<\/p>\n<p>Enfin sans le num\u00e9ro d&rsquo;allocataire CAF, ou l&rsquo;attestation de quotient familiale MSA, il sera impossible d&rsquo;appliquer le tarif par tranche. Le tarif le plus \u00e9lev\u00e9 sera alors factur\u00e9.<\/p>\n<p>Il est possible de t\u00e9l\u00e9charger les dossiers d&rsquo;inscription en cliquant sur les liens ci-dessous.<\/p>\n<h1><a href=\"https:\/\/noyalsurbrutz.fr\/wp-content\/uploads\/2018\/05\/dossier-dinscription-2018-2019.pdf\">Dossier d&rsquo;inscription 2018-2019<\/a><\/h1>\n<h1><a href=\"https:\/\/noyalsurbrutz.fr\/wp-content\/uploads\/2018\/05\/fiche_sanitaire_de_liaison_3803.pdf\">Fiche sanitaire de liaison <\/a><\/h1>\n<p>&nbsp;<\/p>\n","protected":false},"excerpt":{"rendered":"<p>L&rsquo;\u00e9cole n&rsquo;est pas termin\u00e9e mais il est d\u00e9j\u00e0 temps de s&rsquo;int\u00e9resser \u00e0 la prochaine rentr\u00e9e scolaire. Les dossiers d&rsquo;inscription \u00e0 la cantine et \u00e0 l&rsquo;accueil p\u00e9riscolaire sont \u00e0 d\u00e9poser en mairie avant le 30 ao\u00fbt 2018. Sans cette d\u00e9marche il sera impossible pour le (les) enfant(s) de b\u00e9n\u00e9ficier des services\u2026 <a class=\"continue-reading-link\" href=\"https:\/\/noyalsurbrutz.fr\/index.php\/2018\/05\/24\/dossier-dinscription-cantine-et-garderie-periscolaire\/\">Continue reading<\/a><\/p>\n","protected":false},"author":1,"featured_media":0,"comment_status":"open","ping_status":"open","sticky":false,"template":"","format":"standard","meta":{"footnotes":""},"categories":[1],"tags":[],"class_list":["post-873","post","type-post","status-publish","format-standard","hentry","category-non-classe"],"_links":{"self":[{"href":"https:\/\/noyalsurbrutz.fr\/index.php\/wp-json\/wp\/v2\/posts\/873","targetHints":{"allow":["GET"]}}],"collection":[{"href":"https:\/\/noyalsurbrutz.fr\/index.php\/wp-json\/wp\/v2\/posts"}],"about":[{"href":"https:\/\/noyalsurbrutz.fr\/index.php\/wp-json\/wp\/v2\/types\/post"}],"author":[{"embeddable":true,"href":"https:\/\/noyalsurbrutz.fr\/index.php\/wp-json\/wp\/v2\/users\/1"}],"replies":[{"embeddable":true,"href":"https:\/\/noyalsurbrutz.fr\/index.php\/wp-json\/wp\/v2\/comments?post=873"}],"version-history":[{"count":5,"href":"https:\/\/noyalsurbrutz.fr\/index.php\/wp-json\/wp\/v2\/posts\/873\/revisions"}],"predecessor-version":[{"id":881,"href":"https:\/\/noyalsurbrutz.fr\/index.php\/wp-json\/wp\/v2\/posts\/873\/revisions\/881"}],"wp:attachment":[{"href":"https:\/\/noyalsurbrutz.fr\/index.php\/wp-json\/wp\/v2\/media?parent=873"}],"wp:term":[{"taxonomy":"category","embeddable":true,"href":"https:\/\/noyalsurbrutz.fr\/index.php\/wp-json\/wp\/v2\/categories?post=873"},{"taxonomy":"post_tag","embeddable":true,"href":"https:\/\/noyalsurbrutz.fr\/index.php\/wp-json\/wp\/v2\/tags?post=873"}],"curies":[{"name":"wp","href":"https:\/\/api.w.org\/{rel}","templated":true}]}}